{"id":37,"count":0,"description":"\u4ece\u5145\u6ee1\u6d3b\u529b\u7684\u6f14\u51fa\u5230\u9f13\u821e\u4eba\u5fc3\u7684\u5c55\u89c8\u548c\u8868\u6f14\uff0c\u5e03\u62c9\u52a0\u662f\u4e00\u5ea7\u4ee5\u5404\u79cd\u5f62\u5f0f\u5e86\u795d\u6587\u5316\u7684\u57ce\u5e02\uff0c\u5176\u6807\u5fd7\u6027\u7684\u591a\u5b66\u79d1\u7a7a\u95f4\u503c\u5f97\u4e00\u770b\u3002","link":"https:\/\/visitbraga.travel\/zh\/highlights\/cultura-e-arte\/","name":"\u6587\u5316\u4e0e\u827a\u672f","slug":"cultura-e-arte","taxonomy":"highlight_category","parent":0,"meta":[],"acf":[],"yoast_head":"<!-- This site is optimized with the Yoast SEO plugin v27.5 - https:\/\/yoast.com\/product\/yoast-seo-wordpress\/ -->\n<title>Cultura e Arte | Visit Braga<\/title>\n<meta name=\"description\" content=\"De espet\u00e1culos vibrantes a exposi\u00e7\u00f5es e espect\u00e1culos inspiradoras, Braga \u00e9 uma cidade que celebra a cultura em todas as suas formas, em espa\u00e7os ic\u00f3nicos e multidisciplinares que tem de conhecer.\" \/>\n<meta name=\"robots\" content=\"index, follow, max-snippet:-1, max-image-preview:large, max-video-preview:-1\" \/>\n<link rel=\"canonical\" href=\"https:\/\/visitbraga.travel\/zh\/highlights\/cultura-e-arte\/\" \/>\n<meta property=\"og:locale\" content=\"zh_CN\" \/>\n<meta property=\"og:type\" content=\"article\" \/>\n<meta property=\"og:title\" content=\"Cultura e Arte | Visit Braga\" \/>\n<meta property=\"og:description\" content=\"De espet\u00e1culos vibrantes a exposi\u00e7\u00f5es e espect\u00e1culos inspiradoras, Braga \u00e9 uma cidade que celebra a cultura em todas as suas formas, em espa\u00e7os ic\u00f3nicos e multidisciplinares que tem de conhecer.\" \/>\n<meta property=\"og:url\" content=\"https:\/\/visitbraga.travel\/zh\/highlights\/cultura-e-arte\/\" \/>\n<meta property=\"og:site_name\" content=\"Visit Braga\" \/>\n<meta property=\"og:image\" content=\"https:\/\/visitbraga.travel\/wp-content\/uploads\/2025\/05\/visit-braga.jpg\" \/>\n\t<meta property=\"og:image:width\" content=\"2400\" \/>\n\t<meta property=\"og:image:height\" content=\"1256\" \/>\n\t<meta property=\"og:image:type\" content=\"image\/jpeg\" \/>\n<meta name=\"twitter:card\" content=\"summary_large_image\" \/>\n<meta name=\"twitter:site\" content=\"@VisitBraga\" \/>\n<script type=\"application\/ld+json\" class=\"yoast-schema-graph\">{\"@context\":\"https:\\\/\\\/schema.org\",\"@graph\":[{\"@type\":\"CollectionPage\",\"@id\":\"https:\\\/\\\/visitbraga.travel\\\/highlights\\\/cultura-e-arte\\\/\",\"url\":\"https:\\\/\\\/visitbraga.travel\\\/highlights\\\/cultura-e-arte\\\/\",\"name\":\"Cultura e Arte | Visit Braga\",\"isPartOf\":{\"@id\":\"https:\\\/\\\/visitbraga.travel\\\/#website\"},\"description\":\"De espet\u00e1culos vibrantes a exposi\u00e7\u00f5es e espect\u00e1culos inspiradoras, Braga \u00e9 uma cidade que celebra a cultura em todas as suas formas, em espa\u00e7os ic\u00f3nicos e multidisciplinares que tem de conhecer.\",\"inLanguage\":\"zh-Hans\"},{\"@type\":\"WebSite\",\"@id\":\"https:\\\/\\\/visitbraga.travel\\\/#website\",\"url\":\"https:\\\/\\\/visitbraga.travel\\\/\",\"name\":\"Visit Braga\",\"description\":\"Turismo Braga | Site Oficial de Braga\",\"publisher\":{\"@id\":\"https:\\\/\\\/visitbraga.travel\\\/#organization\"},\"potentialAction\":[{\"@type\":\"SearchAction\",\"target\":{\"@type\":\"EntryPoint\",\"urlTemplate\":\"https:\\\/\\\/visitbraga.travel\\\/?s={search_term_string}\"},\"query-input\":{\"@type\":\"PropertyValueSpecification\",\"valueRequired\":true,\"valueName\":\"search_term_string\"}}],\"inLanguage\":\"zh-Hans\"},{\"@type\":\"Organization\",\"@id\":\"https:\\\/\\\/visitbraga.travel\\\/#organization\",\"name\":\"Visit Braga\",\"url\":\"https:\\\/\\\/visitbraga.travel\\\/\",\"logo\":{\"@type\":\"ImageObject\",\"inLanguage\":\"zh-Hans\",\"@id\":\"https:\\\/\\\/visitbraga.travel\\\/#\\\/schema\\\/logo\\\/image\\\/\",\"url\":\"https:\\\/\\\/visitbraga.travel\\\/wp-content\\\/uploads\\\/2025\\\/05\\\/visit-braga.jpg\",\"contentUrl\":\"https:\\\/\\\/visitbraga.travel\\\/wp-content\\\/uploads\\\/2025\\\/05\\\/visit-braga.jpg\",\"width\":2400,\"height\":1256,\"caption\":\"Visit Braga\"},\"image\":{\"@id\":\"https:\\\/\\\/visitbraga.travel\\\/#\\\/schema\\\/logo\\\/image\\\/\"},\"sameAs\":[\"https:\\\/\\\/www.facebook.com\\\/visitbraga.travel\\\/\",\"https:\\\/\\\/x.com\\\/VisitBraga\"]}]}<\/script>\n<!-- \/ Yoast SEO plugin. -->","yoast_head_json":{"title":"Cultura e Arte | Visit Braga","description":"\u4ece\u5145\u6ee1\u6d3b\u529b\u7684\u6f14\u51fa\u5230\u9f13\u821e\u4eba\u5fc3\u7684\u5c55\u89c8\u548c\u8868\u6f14\uff0c\u5e03\u62c9\u52a0\u662f\u4e00\u5ea7\u4ee5\u5404\u79cd\u5f62\u5f0f\u5e86\u795d\u6587\u5316\u7684\u57ce\u5e02\uff0c\u5176\u6807\u5fd7\u6027\u7684\u591a\u5b66\u79d1\u7a7a\u95f4\u503c\u5f97\u4e00\u770b\u3002","robots":{"index":"index","follow":"follow","max-snippet":"max-snippet:-1","max-image-preview":"max-image-preview:large","max-video-preview":"max-video-preview:-1"},"canonical":"https:\/\/visitbraga.travel\/zh\/highlights\/cultura-e-arte\/","og_locale":"zh_CN","og_type":"article","og_title":"Cultura e Arte | Visit Braga","og_description":"De espet\u00e1culos vibrantes a exposi\u00e7\u00f5es e espect\u00e1culos inspiradoras, Braga \u00e9 uma cidade que celebra a cultura em todas as suas formas, em espa\u00e7os ic\u00f3nicos e multidisciplinares que tem de conhecer.","og_url":"https:\/\/visitbraga.travel\/zh\/highlights\/cultura-e-arte\/","og_site_name":"Visit Braga","og_image":[{"width":2400,"height":1256,"url":"https:\/\/visitbraga.travel\/wp-content\/uploads\/2025\/05\/visit-braga.jpg","type":"image\/jpeg"}],"twitter_card":"summary_large_image","twitter_site":"@VisitBraga","schema":{"@context":"https:\/\/schema.org","@graph":[{"@type":"CollectionPage","@id":"https:\/\/visitbraga.travel\/highlights\/cultura-e-arte\/","url":"https:\/\/visitbraga.travel\/highlights\/cultura-e-arte\/","name":"Cultura e Arte | Visit Braga","isPartOf":{"@id":"https:\/\/visitbraga.travel\/#website"},"description":"\u4ece\u5145\u6ee1\u6d3b\u529b\u7684\u6f14\u51fa\u5230\u9f13\u821e\u4eba\u5fc3\u7684\u5c55\u89c8\u548c\u8868\u6f14\uff0c\u5e03\u62c9\u52a0\u662f\u4e00\u5ea7\u4ee5\u5404\u79cd\u5f62\u5f0f\u5e86\u795d\u6587\u5316\u7684\u57ce\u5e02\uff0c\u5176\u6807\u5fd7\u6027\u7684\u591a\u5b66\u79d1\u7a7a\u95f4\u503c\u5f97\u4e00\u770b\u3002","inLanguage":"zh-Hans"},{"@type":"WebSite","@id":"https:\/\/visitbraga.travel\/#website","url":"https:\/\/visitbraga.travel\/","name":"\u6e38\u89c8\u5e03\u62c9\u52a0","description":"Turismo Braga | Site Oficial de Braga","publisher":{"@id":"https:\/\/visitbraga.travel\/#organization"},"potentialAction":[{"@type":"SearchAction","target":{"@type":"EntryPoint","urlTemplate":"https:\/\/visitbraga.travel\/?s={search_term_string}"},"query-input":{"@type":"PropertyValueSpecification","valueRequired":true,"valueName":"search_term_string"}}],"inLanguage":"zh-Hans"},{"@type":"Organization","@id":"https:\/\/visitbraga.travel\/#organization","name":"\u6e38\u89c8\u5e03\u62c9\u52a0","url":"https:\/\/visitbraga.travel\/","logo":{"@type":"ImageObject","inLanguage":"zh-Hans","@id":"https:\/\/visitbraga.travel\/#\/schema\/logo\/image\/","url":"https:\/\/visitbraga.travel\/wp-content\/uploads\/2025\/05\/visit-braga.jpg","contentUrl":"https:\/\/visitbraga.travel\/wp-content\/uploads\/2025\/05\/visit-braga.jpg","width":2400,"height":1256,"caption":"Visit Braga"},"image":{"@id":"https:\/\/visitbraga.travel\/#\/schema\/logo\/image\/"},"sameAs":["https:\/\/www.facebook.com\/visitbraga.travel\/","https:\/\/x.com\/VisitBraga"]}]}},"_links":{"self":[{"href":"https:\/\/visitbraga.travel\/zh\/wp-json\/wp\/v2\/highlight_category\/37","targetHints":{"allow":["GET"]}}],"collection":[{"href":"https:\/\/visitbraga.travel\/zh\/wp-json\/wp\/v2\/highlight_category"}],"about":[{"href":"https:\/\/visitbraga.travel\/zh\/wp-json\/wp\/v2\/taxonomies\/highlight_category"}],"wp:post_type":[{"href":"https:\/\/visitbraga.travel\/zh\/wp-json\/wp\/v2\/highlight?highlight_category=37"}],"curies":[{"name":"wp","href":"https:\/\/api.w.org\/{rel}","templated":true}]}}